[{"@context":"https:\/\/schema.org\/","@type":"Article","@id":"https:\/\/www.zucek.sk\/dni-kariery-na-upjs-v-kosiciach\/#Article","mainEntityOfPage":"https:\/\/www.zucek.sk\/dni-kariery-na-upjs-v-kosiciach\/","headline":"Dni kari\u00e9ry na UPJ\u0160 v Ko\u0161iciach","name":"Dni kari\u00e9ry na UPJ\u0160 v Ko\u0161iciach","description":"Desiateho apr\u00edla sa v\u00a0Ko\u0161iciach konal u\u017e tret\u00ed ro\u010dn\u00edk podujatia s\u00a0n\u00e1zvom \u201eDni kari\u00e9ry\u201c. Za t\u00fdmto podujat\u00edm stoj\u00ed Univerzitn\u00e9 poradensk\u00e9 centrum, ktor\u00e9 chce t\u00fdmto sp\u00f4sobom umo\u017eni\u0165 \u0161tudentom&hellip;","datePublished":"2025-03-01","dateModified":"2023-04-26","author":{"@type":"Person","@id":"https:\/\/www.zucek.sk\/author\/#Person","name":"","url":"https:\/\/www.zucek.sk\/author\/","identifier":1,"image":{"@type":"ImageObject","@id":"https:\/\/secure.gravatar.com\/avatar\/e5312f21b37eec0871f00feffaf403580ddf46c2d055479cc6723fb0100721f2?s=96&d=mm&r=g","url":"https:\/\/secure.gravatar.com\/avatar\/e5312f21b37eec0871f00feffaf403580ddf46c2d055479cc6723fb0100721f2?s=96&d=mm&r=g","height":96,"width":96}},"publisher":{"@type":"Organization","name":"zucek.sk","logo":{"@type":"ImageObject","@id":"\/logo.png","url":"\/logo.png","width":600,"height":60}},"image":{"@type":"ImageObject","@id":"https:\/\/www.zucek.sk\/wp-content\/uploads\/img_a299358_w16533_t1555487801.jpg","url":"https:\/\/www.zucek.sk\/wp-content\/uploads\/img_a299358_w16533_t1555487801.jpg","height":0,"width":0},"url":"https:\/\/www.zucek.sk\/dni-kariery-na-upjs-v-kosiciach\/","about":["Business"],"wordCount":390,"articleBody":"Desiateho apr\u00edla sa v\u00a0Ko\u0161iciach konal u\u017e tret\u00ed ro\u010dn\u00edk podujatia s\u00a0n\u00e1zvom \u201eDni kari\u00e9ry\u201c. Za t\u00fdmto podujat\u00edm stoj\u00ed Univerzitn\u00e9 poradensk\u00e9 centrum, ktor\u00e9 chce t\u00fdmto sp\u00f4sobom umo\u017eni\u0165 \u0161tudentom priamy kontakt so zamestn\u00e1vate\u013emi.\u00a0Op\u00fdtajte sa na to, \u010do v\u00e1s zauj\u00edma \u00a0Podujatie sa konalo na p\u00f4de univerzity, konkr\u00e9tne v\u00a0budove Sokrates, a\u00a0to od desiatej r\u00e1na do trin\u00e1stej hodiny poobede. N\u00e1v\u0161tevn\u00edci mali mo\u017enos\u0165 stretn\u00fa\u0165 dvadsiatich zamestn\u00e1vate\u013eov z\u00a0r\u00f4znych pracovn\u00fdch oblast\u00ed. V\u00fdhodou tak\u00e9hoto ve\u013etrhu je najm\u00e4 to, \u017ee \u0161tudenti m\u00f4\u017eu z\u00edska\u0165 d\u00f4le\u017eit\u00e9 kontakty, ktor\u00e9 uplatnia pri h\u013eadan\u00ed svojho zamestnania. Z\u00e1rove\u0148 sa m\u00f4\u017eu porozpr\u00e1va\u0165 priamo s\u00a0ved\u00facimi r\u00f4znych spolo\u010dnost\u00ed, ktor\u00fdch a\u00a0m\u00f4\u017eu op\u00fdta\u0165 na v\u0161etko, \u010do ich zauj\u00edma. Tak si vedia lep\u0161ie utvori\u0165 n\u00e1zor na konkr\u00e9tne firmy a\u00a0spolo\u010dnosti.\u00a0Mno\u017estvo zamestn\u00e1vate\u013eov, predn\u00e1\u0161ky a\u00a0inform\u00e1cie \u00a0Na d\u0148och kari\u00e9ry sa tento rok z\u00fa\u010dastnilo dvadsa\u0165 zamestn\u00e1vate\u013eov. Mohli ste tu stretn\u00fa\u0165 napr\u00edklad z\u00e1stupcov AGEL SK, Pro Care \u2013 Svet zdravia, Zboru v\u00e4zenskej a justi\u010dnej str\u00e1\u017ee, Nemocnice Ko\u0161ice \u0160aca a.s prv\u00e1 s\u00fakromn\u00e1 nemocnica, FPT Slovakia, \u00faradu pre verejn\u00e9 obstar\u00e1vanie, \u010di spolo\u010dnosti LIDL Slovensko. Okrem toho bol pripraven\u00fd aj zauj\u00edmav\u00fd sprievodn\u00fd program, a\u00a0to v\u00a0podobe r\u00f4znych info st\u00e1nkov a\u00a0predn\u00e1\u0161ok.\u00a0Zauj\u00edmav\u00e1 s\u00fa\u0165a\u017e o\u00a0hodnotn\u00e9 ceny \u00a0Tento rok si organiz\u00e1tori pripravili pre \u00fa\u010dastn\u00edkov podujatia aj jednu novinku. I\u0161lo o\u00a0s\u00fa\u0165a\u017e, v\u00a0ktorej mohli vyhra\u0165 r\u00f4zne zauj\u00edmav\u00e9 ceny. Tak napr\u00edklad dva poukazy na jazykov\u00e9 kurzy v\u00a0hodnote okolo sto p\u00e4\u0165desiatich eur, d\u00e1mske \u0161portov\u00e9 hodinky, powerbank, alebo poukaz na n\u00e1kup kn\u00edh v\u00a0kn\u00edhkupectve Martinus. \u00dalohou t\u00fdch, ktor\u00ed sa do s\u00fa\u0165a\u017ee rozhodli zapoji\u0165, bolo polo\u017ei\u0165 \u013eubovo\u013en\u00fdm zamestn\u00e1vate\u013eom tri konkr\u00e9tne ot\u00e1zky a\u00a0samozrejme dosta\u0165 aj ich odpovede.\u00a0Ak ste nestihli tento ro\u010dn\u00edk D\u0148ov kari\u00e9ry v\u00a0Ko\u0161iciach, najbli\u017e\u0161iu mo\u017enos\u0165 budete ma\u0165 u\u017e bud\u00faci rok. Pokia\u013e v\u00e1s podobn\u00e9 podujatia zauj\u00edmaj\u00fa, ur\u010dite sa do Ko\u0161\u00edc vydajte.                                                                                                                                                                                                                                                                                                                                                                                         3.4\/5 - (5 votes)        "},{"@context":"https:\/\/schema.org\/","@type":"BreadcrumbList","itemListElement":[{"@type":"ListItem","position":1,"name":"Dni kari\u00e9ry na UPJ\u0160 v Ko\u0161iciach","item":"https:\/\/www.zucek.sk\/dni-kariery-na-upjs-v-kosiciach\/#breadcrumbitem"}]}]