[{"@context":"https:\/\/schema.org\/","@type":"Article","@id":"https:\/\/www.zucek.sk\/majte-sa-radi\/#Article","mainEntityOfPage":"https:\/\/www.zucek.sk\/majte-sa-radi\/","headline":"Majte sa radi","name":"Majte sa radi","description":"Existuje na tejto plan\u00e9te v\u00f4bec niekto, kto ani raz za cel\u00fd svoj \u017eivot nerie\u0161il chudnutie? Kto sa nikdy nepozrel do zrkadla a nepomyslel si, \u017ee&hellip;","datePublished":"2017-12-19","dateModified":"2023-10-23","author":{"@type":"Person","@id":"https:\/\/www.zucek.sk\/author\/#Person","name":"","url":"https:\/\/www.zucek.sk\/author\/","identifier":1,"image":{"@type":"ImageObject","@id":"https:\/\/secure.gravatar.com\/avatar\/e5312f21b37eec0871f00feffaf403580ddf46c2d055479cc6723fb0100721f2?s=96&d=mm&r=g","url":"https:\/\/secure.gravatar.com\/avatar\/e5312f21b37eec0871f00feffaf403580ddf46c2d055479cc6723fb0100721f2?s=96&d=mm&r=g","height":96,"width":96}},"publisher":{"@type":"Organization","name":"zucek.sk","logo":{"@type":"ImageObject","@id":"\/logo.png","url":"\/logo.png","width":600,"height":60}},"image":{"@type":"ImageObject","@id":"https:\/\/www.zucek.sk\/wp-content\/uploads\/img_a284551_w16533_t1516623644.jpg","url":"https:\/\/www.zucek.sk\/wp-content\/uploads\/img_a284551_w16533_t1516623644.jpg","height":0,"width":0},"url":"https:\/\/www.zucek.sk\/majte-sa-radi\/","about":["Tovar"],"wordCount":412,"articleBody":"             Existuje na tejto plan\u00e9te v\u00f4bec niekto, kto ani raz za cel\u00fd svoj \u017eivot nerie\u0161il chudnutie? Kto sa nikdy nepozrel do zrkadla a nepomyslel si, \u017ee mus\u00ed schudn\u00fa\u0165? Asi existuje len ve\u013emi m\u00e1lo \u013eud\u00ed, ktor\u00ed by so sebou boli cel\u00fd svoj \u017eivot spokojn\u00ed a nechceli na sebe nikdy ni\u010d zmeni\u0165. Fenom\u00e9nom dne\u0161nej doby je pr\u00e1ve to, \u017ee sme nespokojn\u00ed s t\u00fdm, ko\u013eko v\u00e1\u017eime. Preto sa mnoh\u00ed \u013eudia stan\u00fa obe\u0165ami por\u00fach pr\u00edjmu potravy. Aj ke\u010f by ste si mo\u017eno mysleli, \u017ee tento probl\u00e9m sa t\u00fdka preva\u017ene mlad\u0161\u00edch \u017eien, nie je to celkom pravda. Tento probl\u00e9m je s\u00fa\u010das\u0165ou aj mu\u017esk\u00e9ho pokolenia a na veku absol\u00fatne nez\u00e1le\u017e\u00ed.Ob\u010das sa dokonca st\u00e1va, \u017ee pr\u00e1ve star\u0161\u00ed mu\u017ei a star\u0161ie \u017eeny inklinuj\u00fa k tomu, \u017ee si za\u010dn\u00fa takto ubli\u017eova\u0165. Je to sp\u00f4soben\u00e9 r\u00f4znymi faktormi. No v prvom rade s\u00fa so sebou nespokojn\u00ed. Mo\u017eno ani nie tak so svojou postavou, ako so v\u0161etk\u00fdm, \u010do je nav\u00f4kol. Mo\u017eno im to pr\u00e1ve nevych\u00e1dza v pr\u00e1ci, mo\u017eno sa im nedar\u00ed v osobnom \u017eivote. Existuje ve\u013emi ve\u013ea vec\u00ed, ktor\u00e9 v\u00e1m m\u00f4\u017eu vies\u0165 k tak\u00fdmto \u010dinom a k tak\u00fdmto zl\u00fdm rozhodnutiam. No podstatn\u00e9 je, aby ste si uvedomili, \u017ee toto nie je rie\u0161enie. Rie\u0161enie m\u00f4\u017eete n\u00e1js\u0165 aj niekde \u00faplne inde. Ak si predsa len mysl\u00edte, \u017ee by ste mali so svojou v\u00e1hou nie\u010do robi\u0165, ur\u010dite sk\u00faste nie\u010do, \u010do v\u00e1m nebude robi\u0165 s telom \u0161arapaty a \u010do v\u00e1m nebude robi\u0165 probl\u00e9my. Ak chcete vedie\u0165 o nie\u010dom, s \u010d\u00edm sa vedia stoto\u017eni\u0165 aj lek\u00e1ri, tak je to ur\u010dite proteinova dieta. Je samozrejmos\u0165ou, \u017ee okrem toho, \u017ee uprav\u00edte stravu, mus\u00edte pre seba urobi\u0165 aj in\u00e9 veci. Strava bez pohybu nem\u00e1 v\u00f4bec \u017eiadny v\u00fdznam. Neo\u010dak\u00e1vajte v\u0161ak, \u017ee sa va\u0161a v\u00e1ha pohne smerom nadol v priebehu nieko\u013ek\u00fdch dn\u00ed. Toto je o nie\u010dom inom, mus\u00edte sa zamera\u0165 na to, \u017ee schudn\u00fa\u0165 sa d\u00e1 aj zdravou formou. Mo\u017eno to nep\u00f4jde tak r\u00fdchlo, v ka\u017edom pr\u00edpade to v\u0161ak bude ma\u0165 omnoho v\u00e4\u010d\u0161iu \u00fa\u010dinnos\u0165. Ur\u010dite to hne\u010f nezavrhujte a sk\u00faste to.                                                                                                                                                                                                                                                                                                                                                                                          4.2\/5 - (9 votes)        "},{"@context":"https:\/\/schema.org\/","@type":"BreadcrumbList","itemListElement":[{"@type":"ListItem","position":1,"name":"Majte sa radi","item":"https:\/\/www.zucek.sk\/majte-sa-radi\/#breadcrumbitem"}]}]