[{"@context":"https:\/\/schema.org\/","@type":"Article","@id":"https:\/\/www.zucek.sk\/utulny-interier-aj-podla-znameni\/#Article","mainEntityOfPage":"https:\/\/www.zucek.sk\/utulny-interier-aj-podla-znameni\/","headline":"\u00datuln\u00fd interi\u00e9r aj pod\u013ea znamen\u00ed","name":"\u00datuln\u00fd interi\u00e9r aj pod\u013ea znamen\u00ed","description":"\u00a0\u201ePrepchat\u00fd\u201c neznamen\u00e1 \u00fatuln\u00fd \u010casom v\u00a0dom\u00e1cnosti prib\u00fada mno\u017estvo vec\u00ed, \u010di chceme alebo nie, aj menej potrebn\u00fdch, ktor\u00e9 priestor len preplnia, ale nez\u00fatulnia, preto sta\u010d\u00ed p\u00e1r spr\u00e1vne&hellip;","datePublished":"2025-02-27","dateModified":"2023-04-26","author":{"@type":"Person","@id":"https:\/\/www.zucek.sk\/author\/#Person","name":"","url":"https:\/\/www.zucek.sk\/author\/","identifier":1,"image":{"@type":"ImageObject","@id":"https:\/\/secure.gravatar.com\/avatar\/e5312f21b37eec0871f00feffaf403580ddf46c2d055479cc6723fb0100721f2?s=96&d=mm&r=g","url":"https:\/\/secure.gravatar.com\/avatar\/e5312f21b37eec0871f00feffaf403580ddf46c2d055479cc6723fb0100721f2?s=96&d=mm&r=g","height":96,"width":96}},"publisher":{"@type":"Organization","name":"zucek.sk","logo":{"@type":"ImageObject","@id":"\/logo.png","url":"\/logo.png","width":600,"height":60}},"image":{"@type":"ImageObject","@id":"https:\/\/www.zucek.sk\/wp-content\/uploads\/img_a289718_w16533_t1531928726.jpg","url":"https:\/\/www.zucek.sk\/wp-content\/uploads\/img_a289718_w16533_t1531928726.jpg","height":0,"width":0},"url":"https:\/\/www.zucek.sk\/utulny-interier-aj-podla-znameni\/","about":["Domov"],"wordCount":598,"articleBody":"\u00a0\u201ePrepchat\u00fd\u201c neznamen\u00e1 \u00fatuln\u00fd\u010casom v\u00a0dom\u00e1cnosti prib\u00fada mno\u017estvo vec\u00ed, \u010di chceme alebo nie, aj menej potrebn\u00fdch, ktor\u00e9 priestor len preplnia, ale nez\u00fatulnia, preto sta\u010d\u00ed p\u00e1r spr\u00e1vne zvolen\u00fdch doplnkov. Svie\u010dky, napr\u00edklad aromatick\u00e9, fotografie v\u00a0zladen\u00fdch r\u00e1m\u010dekoch a\u00a0takisto obr\u00fasky na konferen\u010dnom stol\u00edku v\u00a0rovnakom \u0161t\u00fdle.\u00a0\u0160t\u00fdl je z\u00e1kladSami by ste mali ma\u0165 jasno v\u00a0tom, ak\u00fd \u0161t\u00fdl preferujete, \u010di modern\u00fd, vidiecky alebo inklinujete k\u00a0elegancii, pod\u013ea toho by ste si mali zvoli\u0165 smer, ak\u00fdm budete interi\u00e9r zaria\u010fova\u0165. Vyhnite sa mie\u0161aniu \u0161t\u00fdlov. Niekedy sa stane, \u017ee m\u00f3dne trendy n\u00e1s prevalcuj\u00fa a\u00a0neodolaj\u00fac nak\u00fapime k\u00fasky, ktor\u00e9 sa n\u00e1m v\u00f4bec nehodia a\u00a0tak rozbij\u00fa vzh\u013ead cel\u00e9ho interi\u00e9ru.\u00a0Oble\u010den\u00fd interi\u00e9rV\u0161etky textiln\u00e9 doplnky s\u00fa nanajv\u00fd\u0161 v\u00edtan\u00e9, deky, vank\u00fa\u0161iky \u010di prikr\u00fdvky by v\u0161ak mali spolu ladi\u0165 a\u00a0samozrejmos\u0165ou je, aby sp\u013a\u0148ali praktick\u00fa funkciu. Netreba to v\u0161ak s\u00a0nimi preh\u00e1\u0148a\u0165, aby ste sa pri seden\u00ed na seda\u010dke v\u00a0nich \u201eneutopili\u201c. Dotvori\u0165 interi\u00e9r a\u00a0z\u00fatulni\u0165 ho dok\u00e1\u017eu z\u00e1clony alebo z\u00e1vesy na okn\u00e1ch, len pozor na v\u00fdber materi\u00e1lu. Kober\u010deky na drevenej alebo lamin\u00e1tovej podlahe sp\u00f4sobia, \u017ee interi\u00e9r\u00a0 bude vy\u017earova\u0165 teplom.\u00a0\u010c\u00e1ry-m\u00e1ry: svetlo!Ne\u00fatuln\u00fd priestor potrebujeme zmeni\u0165, divy dok\u00e1\u017ee v\u00fdber spr\u00e1vneho osvetlenia, nie v\u0161ak ostr\u00e9 priame, ale tlmen\u00e9, napr\u00edklad s\u00a0nastavite\u013enou intenzitou svietenia. V\u00fdbornou vo\u013ebou je lampa s\u00a0tienidlom, pre int\u00edmnej\u0161iu atmosf\u00e9ru m\u00f4\u017eete v\u00a0priestore umiestni\u0165 len jednu lampu.\u00a0K\u00fasok \u017eivej pr\u00edrody v\u00a0byteKvety vo v\u00e1ze a\u00a0izbov\u00e9 rastliny s\u00fa najkraj\u0161\u00edm doplnkom, ktor\u00e9 by u\u00a0v\u00e1s doma nemali ur\u010dite ch\u00fdba\u0165. Okrem toho, \u017ee pre\u010dis\u0165uj\u00fa v\u00a0interi\u00e9ri vzduch, prines\u00fa k\u00a0v\u00e1m \u017eiv\u00fa pr\u00edrodu spolu s\u00a0pr\u00edjemnou v\u00f4\u0148ou. \u00a0Pri rezan\u00fdch kvetoch je v\u0161ak d\u00f4le\u017eit\u00e1 aj v\u00e1za, do ktorej ich vlo\u017e\u00edte, pou\u017eite napr\u00edklad jednofarebn\u00fa.\u00a0Farby, farbi\u010dky&#8230;Tu sa rad\u0161ej oplat\u00ed \u201e\u0161etri\u0165\u201c, z\u00e1kladom nech je jedna dominantn\u00e1 farba, ku ktorej m\u00f4\u017eete doladi\u0165 maxim\u00e1lne \u010fal\u0161ie dva odtiene. Pr\u00edjemn\u00e9 je ladenie t\u00f3n v\u00a0t\u00f3ne. Pou\u017eijete s\u00edce viac farieb, ale pocit zostane celistv\u00fd.Ke\u010f\u017ee ka\u017ed\u00fd z\u00a0n\u00e1s m\u00e1 in\u00fd vkus, p\u00e1\u010dia sa n\u00e1m in\u00e9 farby a\u00a0preferujeme r\u00f4zne \u0161t\u00fdly, pomocou spr\u00e1vne sa v\u00a0tom orientova\u0165 v\u00e1m m\u00f4\u017ee pom\u00f4c\u0165 aj to, v\u00a0akom znamen\u00ed ste sa narodili. Ako pr\u00edklad sme pre v\u00e1s vybrali rady pre \u013eud\u00ed naroden\u00fdch v\u00a0znamen\u00ed \u0161korpi\u00f3na.\u00a0\u0160korpi\u00f3n\u0160korpi\u00f3n patr\u00ed medzi vodn\u00e9 znamenie, je unesen\u00fd h\u013abkami a\u00a0r\u00e1d odha\u013euje tajomstv\u00e1.Tomuto znameniu sa hodia tmav\u0161ie odtiene farieb, napr\u00edklad atramentov\u00e1, bord\u00f3, v\u00ednovo\u010derven\u00e1 alebo indigo modr\u00e1. Pri k\u00fape n\u00e1bytku siahnite po jemn\u00fdch a\u00a0zmyseln\u00fdch k\u00faskoch, pripadne staro\u017eitnostiach a\u00a0pou\u017eite abstraktn\u00e9 vzory. \u0160korpi\u00f3ni si daj\u00fa z\u00e1le\u017ea\u0165 na tom, aby si vytvorili bezpe\u010dn\u00fd domov, ktor\u00fd bude dobre ochr\u00e1nen\u00fd, preto je pre nich vhodn\u00e9 ma\u0165 v\u00a0byte svoj int\u00edmny k\u00fatik. V\u00a0men\u0161\u00edch priestoroch, kde to nie je mo\u017en\u00e9, dobr\u00fa slu\u017ebu urobia tmav\u0161ie text\u00edlie napr\u00edklad v\u00a0spom\u00ednan\u00fdch odtie\u0148och,\u00a0 ale aj vhodne pou\u017eit\u00e9 svietidl\u00e1 a\u00a0samozrejme romantick\u00e9 svetlo svie\u010dok.\u00a0                                                                                                                                                                                                                                                                                                                                                                                        4.3\/5 - (7 votes)        "},{"@context":"https:\/\/schema.org\/","@type":"BreadcrumbList","itemListElement":[{"@type":"ListItem","position":1,"name":"\u00datuln\u00fd interi\u00e9r aj pod\u013ea znamen\u00ed","item":"https:\/\/www.zucek.sk\/utulny-interier-aj-podla-znameni\/#breadcrumbitem"}]}]